{"id":56823,"date":"2024-01-05T09:23:48","date_gmt":"2024-01-05T08:23:48","guid":{"rendered":"https:\/\/lagh-univ.dz\/?p=56823"},"modified":"2024-01-05T09:23:48","modified_gmt":"2024-01-05T08:23:48","slug":"%f0%9d%97%98%f0%9d%97%bf%f0%9d%97%ae%f0%9d%98%80%f0%9d%97%ba%f0%9d%98%82%f0%9d%98%80-%f0%9d%97%9c%f0%9d%97%bb%f0%9d%97%b3%f0%9d%97%bc-%f0%9d%97%97%f0%9d%97%ae%f0%9d%98%86%f0%9d%98%80-%f0%9d%9f%ae","status":"publish","type":"post","link":"https:\/\/lagh-univ.dz\/en\/%f0%9d%97%98%f0%9d%97%bf%f0%9d%97%ae%f0%9d%98%80%f0%9d%97%ba%f0%9d%98%82%f0%9d%98%80-%f0%9d%97%9c%f0%9d%97%bb%f0%9d%97%b3%f0%9d%97%bc-%f0%9d%97%97%f0%9d%97%ae%f0%9d%98%86%f0%9d%98%80-%f0%9d%9f%ae\/","title":{"rendered":"???????+ ????-???? ????"},"content":{"rendered":"<p><span style=\"font-size: 14pt; color: #000000; font-family: Book Antiqua, Palatino;\">Suite au lancement de l&#8217;appel \u00e0 propositions Erasmus+ 2024, le Bureau national Erasmus+ Alg\u00e9rie organise des journ\u00e9es de formation r\u00e9gionales destin\u00e9es aux \u00e9ventuels porteurs de projets, comme suit :<\/span><\/p>\n<p><span style=\"font-size: 14pt; color: #000000; font-family: Book Antiqua, Palatino;\">? R\u00e9gion Est : le 08 janvier 2024 \u00e0 l&#8217;Universit\u00e9 de Constantine 1<\/span><br \/>\n<span style=\"font-size: 14pt; color: #000000; font-family: Book Antiqua, Palatino;\">? R\u00e9gion Ouest : le 10 janvier \u00e0 l&#8217;Universit\u00e9 d&#8217;Oran 2<\/span><br \/>\n<span style=\"font-size: 14pt; color: #000000; font-family: Book Antiqua, Palatino;\">? R\u00e9gion Centre : le 11 janvier \u00e0 l&#8217;USTHB Alger<\/span><\/p>\n<p><span style=\"font-size: 14pt; color: #000000; font-family: Book Antiqua, Palatino;\">Les sessions de formation porteront sur :<\/span><br \/>\n<span style=\"font-size: 14pt; color: #000000; font-family: Book Antiqua, Palatino;\">??? ??????? ?\u275c?\u0301???????<\/span><br \/>\n<span style=\"font-size: 14pt; color: #000000; font-family: Book Antiqua, Palatino;\">\u25b8La mobilit\u00e9 internationale des \u00e9tudiants et du personnel (ICM).<\/span><br \/>\n<span style=\"font-size: 14pt; color: #000000; font-family: Book Antiqua, Palatino;\">\u25b8Les projets d&#8217;\u00e9changes virtuels.<\/span><br \/>\n<span style=\"font-size: 14pt; color: #000000; font-family: Book Antiqua, Palatino;\">??? ??????? ?? ?????\u0301??????<\/span><br \/>\n<span style=\"font-size: 14pt; color: #000000; font-family: Book Antiqua, Palatino;\">\u25b8Les projets de renforcement des capacit\u00e9s dans les domaines de<\/span><br \/>\n<span style=\"font-size: 14pt; color: #000000; font-family: Book Antiqua, Palatino;\">l\u2019enseignement sup\u00e9rieur (CBHE), et de la formation professionnelle (CBVET).<\/span><br \/>\n<span style=\"font-size: 14pt; color: #000000; font-family: Book Antiqua, Palatino;\">\u25b8Les mesures de conception Erasmus Mundus.<\/span><br \/>\n<span style=\"font-size: 14pt; color: #000000; font-family: Book Antiqua, Palatino;\">\u25b8Les Masters conjoints Erasmus Mundus.<\/span><br \/>\n<span style=\"font-size: 14pt; color: #000000; font-family: Book Antiqua, Palatino;\">??? ??????? ???? ??????<\/span><br \/>\n<span style=\"font-size: 14pt; color: #000000; font-family: Book Antiqua, Palatino;\">\u25b8Modules ; Chaires ; Centres d&#8217;excellence ; R\u00e9seaux.<\/span><\/p>\n","protected":false},"excerpt":{"rendered":"<p>Suite au lancement de l&#8217;appel \u00e0 propositions Erasmus+ 2024, le Bureau national Erasmus+ Alg\u00e9rie organise des journ\u00e9es de formation r\u00e9gionales destin\u00e9es aux \u00e9ventuels porteurs de projets, comme suit : ? R\u00e9gion Est : le 08 janvier 2024 \u00e0 l&#8217;Universit\u00e9 de Constantine 1 ? R\u00e9gion Ouest : le 10 janvier \u00e0 l&#8217;Universit\u00e9 d&#8217;Oran 2 ? R\u00e9gion [&hellip;]<\/p>\n","protected":false},"author":38,"featured_media":56816,"comment_status":"closed","ping_status":"closed","sticky":false,"template":"","format":"standard","meta":{"_exactmetrics_skip_tracking":false,"_exactmetrics_sitenote_active":false,"_exactmetrics_sitenote_note":"","_exactmetrics_sitenote_category":0,"footnotes":""},"categories":[222],"tags":[289],"coauthors":[596],"class_list":["post-56823","post","type-post","status-publish","format-standard","has-post-thumbnail","hentry","category-annonce-en","tag-vr-relation-exterieur-en"],"_links":{"self":[{"href":"https:\/\/lagh-univ.dz\/en\/wp-json\/wp\/v2\/posts\/56823","targetHints":{"allow":["GET"]}}],"collection":[{"href":"https:\/\/lagh-univ.dz\/en\/wp-json\/wp\/v2\/posts"}],"about":[{"href":"https:\/\/lagh-univ.dz\/en\/wp-json\/wp\/v2\/types\/post"}],"author":[{"embeddable":true,"href":"https:\/\/lagh-univ.dz\/en\/wp-json\/wp\/v2\/users\/38"}],"replies":[{"embeddable":true,"href":"https:\/\/lagh-univ.dz\/en\/wp-json\/wp\/v2\/comments?post=56823"}],"version-history":[{"count":1,"href":"https:\/\/lagh-univ.dz\/en\/wp-json\/wp\/v2\/posts\/56823\/revisions"}],"predecessor-version":[{"id":56826,"href":"https:\/\/lagh-univ.dz\/en\/wp-json\/wp\/v2\/posts\/56823\/revisions\/56826"}],"wp:featuredmedia":[{"embeddable":true,"href":"https:\/\/lagh-univ.dz\/en\/wp-json\/wp\/v2\/media\/56816"}],"wp:attachment":[{"href":"https:\/\/lagh-univ.dz\/en\/wp-json\/wp\/v2\/media?parent=56823"}],"wp:term":[{"taxonomy":"category","embeddable":true,"href":"https:\/\/lagh-univ.dz\/en\/wp-json\/wp\/v2\/categories?post=56823"},{"taxonomy":"post_tag","embeddable":true,"href":"https:\/\/lagh-univ.dz\/en\/wp-json\/wp\/v2\/tags?post=56823"},{"taxonomy":"author","embeddable":true,"href":"https:\/\/lagh-univ.dz\/en\/wp-json\/wp\/v2\/coauthors?post=56823"}],"curies":[{"name":"wp","href":"https:\/\/api.w.org\/{rel}","templated":true}]}}