{"id":38707,"date":"2021-01-28T17:08:19","date_gmt":"2021-01-28T19:08:19","guid":{"rendered":"https:\/\/lagh-univ.dz\/?p=38707"},"modified":"2021-01-28T17:08:19","modified_gmt":"2021-01-28T19:08:19","slug":"cours-de-formation-zoom-sur-les-droits-de-lenfant","status":"publish","type":"post","link":"https:\/\/lagh-univ.dz\/fr\/cours-de-formation-zoom-sur-les-droits-de-lenfant\/","title":{"rendered":"Cours de formation ZOOM sur les droits de l&rsquo;enfant"},"content":{"rendered":"<div><\/div>\n<div>\n<p id=\"tw-target-text\" class=\"tw-data-text tw-text-large XcVN5d tw-ta\" dir=\"ltr\" data-placeholder=\"Traduction\"><span lang=\"fr\" style=\"font-family: 'Book Antiqua', Palatino;font-size: 14pt\">Le R\u00e9seau Alg\u00e9rien de D\u00e9fense des Droits de l&rsquo;Enfant &#8211; Nada et l&rsquo;Association Aseel en coop\u00e9ration avec la Facult\u00e9 de Droit et Sciences Politiques et la Facult\u00e9 des Sciences Humaines et Civilisation &#8211; Organisent une formation sur les droits de l&rsquo; enfant via la plateforme ZOOM, les 08 &#8211; 09-10 f\u00e9vrier 2021.<\/span><\/p>\n<p dir=\"ltr\" data-placeholder=\"Traduction\"><span style=\"font-family: 'Book Antiqua', Palatino;font-size: 14pt\">Les places sont limit\u00e9es, pour vous inscrire, veuillez utiliser le lien suivant:<\/span><\/p>\n<\/div>\n<div dir=\"ltr\"><span style=\"font-family: arabic-kufi;font-size: 14pt\"><a href=\"https:\/\/docs.google.com\/forms\/d\/e\/1FAIpQLScSV-ZSVU7-poTETkZy0Os64T8m_XOuWT2_lcIMWsk6bjQwhQ\/viewform?usp=sf_link\" target=\"_blank\" rel=\"noopener noreferrer\">https:\/\/docs.google.com\/forms\/d\/e\/1FAIpQLScSV-ZSVU7-poTETkZy0Os64T8m_XOuWT2_lcIMWsk6bjQwhQ\/viewform?usp=sf_link<\/a><\/span><\/div>\n<div><\/div>\n<p>&nbsp;<\/p>\n<p><img fetchpriority=\"high\" decoding=\"async\" class=\"aligncenter wp-image-38700 size-large\" src=\"https:\/\/lagh-univ.dz\/wp-content\/uploads\/2021\/01\/facult\u00e9.-aghouat-734x1024.jpg\" alt=\"\" width=\"734\" height=\"1024\" srcset=\"https:\/\/lagh-univ.dz\/wp-content\/uploads\/2021\/01\/facult\u00e9.-aghouat-734x1024.jpg 734w, https:\/\/lagh-univ.dz\/wp-content\/uploads\/2021\/01\/facult\u00e9.-aghouat-215x300.jpg 215w, https:\/\/lagh-univ.dz\/wp-content\/uploads\/2021\/01\/facult\u00e9.-aghouat-768x1072.jpg 768w, https:\/\/lagh-univ.dz\/wp-content\/uploads\/2021\/01\/facult\u00e9.-aghouat-1101x1536.jpg 1101w, https:\/\/lagh-univ.dz\/wp-content\/uploads\/2021\/01\/facult\u00e9.-aghouat-1467x2048.jpg 1467w, https:\/\/lagh-univ.dz\/wp-content\/uploads\/2021\/01\/facult\u00e9.-aghouat-scaled.jpg 1834w\" sizes=\"(max-width: 734px) 100vw, 734px\" \/><\/p>\n","protected":false},"excerpt":{"rendered":"<p>Le R\u00e9seau Alg\u00e9rien de D\u00e9fense des Droits de l&rsquo;Enfant &#8211; Nada et l&rsquo;Association Aseel en coop\u00e9ration avec la Facult\u00e9 de Droit et Sciences Politiques et la Facult\u00e9 des Sciences Humaines et Civilisation &#8211; Organisent une formation sur les droits de l&rsquo; enfant via la plateforme ZOOM, les 08 &#8211; 09-10 f\u00e9vrier 2021. Les places sont [&hellip;]<\/p>\n","protected":false},"author":3,"featured_media":38702,"comment_status":"open","ping_status":"open","sticky":false,"template":"","format":"standard","meta":{"_exactmetrics_skip_tracking":false,"_exactmetrics_sitenote_active":false,"_exactmetrics_sitenote_note":"","_exactmetrics_sitenote_category":0,"footnotes":""},"categories":[223],"tags":[],"coauthors":[216],"class_list":["post-38707","post","type-post","status-publish","format-standard","has-post-thumbnail","hentry","category-annonce-fr"],"_links":{"self":[{"href":"https:\/\/lagh-univ.dz\/fr\/wp-json\/wp\/v2\/posts\/38707","targetHints":{"allow":["GET"]}}],"collection":[{"href":"https:\/\/lagh-univ.dz\/fr\/wp-json\/wp\/v2\/posts"}],"about":[{"href":"https:\/\/lagh-univ.dz\/fr\/wp-json\/wp\/v2\/types\/post"}],"author":[{"embeddable":true,"href":"https:\/\/lagh-univ.dz\/fr\/wp-json\/wp\/v2\/users\/3"}],"replies":[{"embeddable":true,"href":"https:\/\/lagh-univ.dz\/fr\/wp-json\/wp\/v2\/comments?post=38707"}],"version-history":[{"count":2,"href":"https:\/\/lagh-univ.dz\/fr\/wp-json\/wp\/v2\/posts\/38707\/revisions"}],"predecessor-version":[{"id":38711,"href":"https:\/\/lagh-univ.dz\/fr\/wp-json\/wp\/v2\/posts\/38707\/revisions\/38711"}],"wp:featuredmedia":[{"embeddable":true,"href":"https:\/\/lagh-univ.dz\/fr\/wp-json\/wp\/v2\/media\/38702"}],"wp:attachment":[{"href":"https:\/\/lagh-univ.dz\/fr\/wp-json\/wp\/v2\/media?parent=38707"}],"wp:term":[{"taxonomy":"category","embeddable":true,"href":"https:\/\/lagh-univ.dz\/fr\/wp-json\/wp\/v2\/categories?post=38707"},{"taxonomy":"post_tag","embeddable":true,"href":"https:\/\/lagh-univ.dz\/fr\/wp-json\/wp\/v2\/tags?post=38707"},{"taxonomy":"author","embeddable":true,"href":"https:\/\/lagh-univ.dz\/fr\/wp-json\/wp\/v2\/coauthors?post=38707"}],"curies":[{"name":"wp","href":"https:\/\/api.w.org\/{rel}","templated":true}]}}