{"id":39190,"date":"2021-03-04T08:02:51","date_gmt":"2021-03-04T10:02:51","guid":{"rendered":"https:\/\/lagh-univ.dz\/?p=39190"},"modified":"2021-03-04T08:02:51","modified_gmt":"2021-03-04T10:02:51","slug":"programme-algero-francais-de-partenariat-institutionnel-profas-c","status":"publish","type":"post","link":"https:\/\/lagh-univ.dz\/fr\/programme-algero-francais-de-partenariat-institutionnel-profas-c\/","title":{"rendered":"+Programme Alg\u00e9ro-Fran\u00e7ais de Partenariat Institutionnel PROFAS C"},"content":{"rendered":"<p dir=\"ltr\"><span style=\"font-family: 'Book Antiqua', Palatino;font-size: 14pt\">Dans le cadre du lancement du programme Alg\u00e9ro-Fran\u00e7ais de partenariat institutionnel PROFAS C+ au titre de l\u2019ann\u00e9e 2020, nous avons l\u2019honneur de vous informer qu\u2019un appel \u00e0 manifestation d\u2019int\u00e9r\u00eat \u201cAmi\u201d qui constitue la premi\u00e8re phase duit appel \u00e0 projet est t\u00e9l\u00e9chargeable sue le site web du Minist\u00e8re des affaires \u00e9trang\u00e8res \u00e0 partir du 07 f\u00e9vrier 2021.<\/span><\/p>\n<p dir=\"ltr\"><span style=\"font-family: 'Book Antiqua', Palatino;font-size: 14pt\"><strong>Pour plus d\u2019information veuillez consulter :<\/strong><\/span><\/p>\n<p dir=\"ltr\"><a href=\"http:\/\/www.mae.gov.dz\/profas.aspx\">http:\/\/www.mae.gov.dz\/profas.aspx<\/a><\/p>\n","protected":false},"excerpt":{"rendered":"<p>Dans le cadre du lancement du programme Alg\u00e9ro-Fran\u00e7ais de partenariat institutionnel PROFAS C+ au titre de l\u2019ann\u00e9e 2020, nous avons l\u2019honneur de vous informer qu\u2019un appel \u00e0 manifestation d\u2019int\u00e9r\u00eat \u201cAmi\u201d qui constitue la premi\u00e8re phase duit appel \u00e0 projet est t\u00e9l\u00e9chargeable sue le site web du Minist\u00e8re des affaires \u00e9trang\u00e8res \u00e0 partir du 07 f\u00e9vrier [&hellip;]<\/p>\n","protected":false},"author":3,"featured_media":39191,"comment_status":"closed","ping_status":"closed","sticky":false,"template":"","format":"standard","meta":{"_exactmetrics_skip_tracking":false,"_exactmetrics_sitenote_active":false,"_exactmetrics_sitenote_note":"","_exactmetrics_sitenote_category":0,"footnotes":""},"categories":[223,225,221,227,229,231],"tags":[345],"coauthors":[216],"class_list":["post-39190","post","type-post","status-publish","format-standard","has-post-thumbnail","hentry","category-annonce-fr","category-appel-fr","category-autres-fr","category-evenement-fr","category-invitation-fr","category-offres-fr","tag-vr-relation-exterieur-fr"],"_links":{"self":[{"href":"https:\/\/lagh-univ.dz\/fr\/wp-json\/wp\/v2\/posts\/39190","targetHints":{"allow":["GET"]}}],"collection":[{"href":"https:\/\/lagh-univ.dz\/fr\/wp-json\/wp\/v2\/posts"}],"about":[{"href":"https:\/\/lagh-univ.dz\/fr\/wp-json\/wp\/v2\/types\/post"}],"author":[{"embeddable":true,"href":"https:\/\/lagh-univ.dz\/fr\/wp-json\/wp\/v2\/users\/3"}],"replies":[{"embeddable":true,"href":"https:\/\/lagh-univ.dz\/fr\/wp-json\/wp\/v2\/comments?post=39190"}],"version-history":[{"count":1,"href":"https:\/\/lagh-univ.dz\/fr\/wp-json\/wp\/v2\/posts\/39190\/revisions"}],"predecessor-version":[{"id":39196,"href":"https:\/\/lagh-univ.dz\/fr\/wp-json\/wp\/v2\/posts\/39190\/revisions\/39196"}],"wp:featuredmedia":[{"embeddable":true,"href":"https:\/\/lagh-univ.dz\/fr\/wp-json\/wp\/v2\/media\/39191"}],"wp:attachment":[{"href":"https:\/\/lagh-univ.dz\/fr\/wp-json\/wp\/v2\/media?parent=39190"}],"wp:term":[{"taxonomy":"category","embeddable":true,"href":"https:\/\/lagh-univ.dz\/fr\/wp-json\/wp\/v2\/categories?post=39190"},{"taxonomy":"post_tag","embeddable":true,"href":"https:\/\/lagh-univ.dz\/fr\/wp-json\/wp\/v2\/tags?post=39190"},{"taxonomy":"author","embeddable":true,"href":"https:\/\/lagh-univ.dz\/fr\/wp-json\/wp\/v2\/coauthors?post=39190"}],"curies":[{"name":"wp","href":"https:\/\/api.w.org\/{rel}","templated":true}]}}