{"id":39230,"date":"2021-03-04T11:55:49","date_gmt":"2021-03-04T13:55:49","guid":{"rendered":"https:\/\/lagh-univ.dz\/?p=39230"},"modified":"2021-03-04T11:55:49","modified_gmt":"2021-03-04T13:55:49","slug":"appel-a-participation-des-chercheurs-au-concours-national-des-meilleurs-projets-de-recherche-domaine-des-ressources-en-eau","status":"publish","type":"post","link":"https:\/\/lagh-univ.dz\/fr\/appel-a-participation-des-chercheurs-au-concours-national-des-meilleurs-projets-de-recherche-domaine-des-ressources-en-eau\/","title":{"rendered":"Appel \u00e0 participation des chercheurs au concours national des meilleurs projets de recherche( domaine des ressources en eau)"},"content":{"rendered":"<p><img fetchpriority=\"high\" decoding=\"async\" class=\"aligncenter wp-image-39231 size-full\" src=\"https:\/\/lagh-univ.dz\/wp-content\/uploads\/2021\/03\/Innovation-AGIR.jpg\" alt=\"\" width=\"678\" height=\"960\" srcset=\"https:\/\/lagh-univ.dz\/wp-content\/uploads\/2021\/03\/Innovation-AGIR.jpg 678w, https:\/\/lagh-univ.dz\/wp-content\/uploads\/2021\/03\/Innovation-AGIR-212x300.jpg 212w\" sizes=\"(max-width: 678px) 100vw, 678px\" \/><\/p>\n<p>&nbsp;<\/p>\n<h4 class=\"entry-title\"><\/h4>\n<div class=\"entry-content\">\n<p dir=\"ltr\"><span style=\"font-family: 'Book Antiqua', Palatino;font-size: 14pt\"><span class=\"fontstyle0\">Dans le cadre de la c\u00e9l\u00e9bration de la\u00a0<strong>journ\u00e9e mondiale de l\u2019eau<\/strong>, L\u2019<strong>Agence Nationale de Gestion Int\u00e9gr\u00e9e des Ressources en Eau (AGIRE)<\/strong>, sous la tutelle du Minist\u00e8re des ressources en eau, en partenariat avec l\u2019Agence Nationale de Valorisation des R\u00e9sultats de la recherche et du d\u00e9veloppement technologique (ANVREDET ) et l\u2019Agence Th\u00e9matique de Recherche en Science et technologie (ATRST),<strong>\u00a0lance<\/strong><strong>la seconde \u00e9dition du concours national du meilleur projet de recherche sous le <\/strong><strong>th\u00e8me \u00ab\u00a0<\/strong><\/span><strong><span class=\"fontstyle2\">Encourager l\u2019innovation pour une gestion optimale de l\u2019eau\u00a0<\/span><\/strong><span class=\"fontstyle0\"><strong>\u00bb.<\/strong><br \/>\n<\/span><\/span><\/p>\n<p dir=\"ltr\"><span class=\"fontstyle0\" style=\"font-family: 'Book Antiqua', Palatino;font-size: 14pt\">La pr\u00e9sente \u00e9dition a pour\u00a0<strong>objectif principal l\u2019identification et la valorisation des projets\u00a0<\/strong><strong>porteurs par leur insertion dans la sph\u00e8re sociotechnique<\/strong>.<\/span><\/p>\n<\/div>\n<p dir=\"ltr\"><a href=\"https:\/\/www.anvredet.org.dz\/evenements\/seconde-edition-du-concours-national-du-meilleur-projet-de-recherche-sous-le-theme-encourager-linnovation-pour-une-gestion-optimale-de-leau\/\">https:\/\/www.anvredet.org.dz\/evenements\/seconde-edition-du-concours-national-du-meilleur-projet-de-recherche-sous-le-theme-encourager-linnovation-pour-une-gestion-optimale-de-leau\/<\/a><\/p>\n","protected":false},"excerpt":{"rendered":"<p>&nbsp; Dans le cadre de la c\u00e9l\u00e9bration de la\u00a0journ\u00e9e mondiale de l\u2019eau, L\u2019Agence Nationale de Gestion Int\u00e9gr\u00e9e des Ressources en Eau (AGIRE), sous la tutelle du Minist\u00e8re des ressources en eau, en partenariat avec l\u2019Agence Nationale de Valorisation des R\u00e9sultats de la recherche et du d\u00e9veloppement technologique (ANVREDET ) et l\u2019Agence Th\u00e9matique de Recherche en [&hellip;]<\/p>\n","protected":false},"author":3,"featured_media":39231,"comment_status":"closed","ping_status":"closed","sticky":false,"template":"","format":"standard","meta":{"_exactmetrics_skip_tracking":false,"_exactmetrics_sitenote_active":false,"_exactmetrics_sitenote_note":"","_exactmetrics_sitenote_category":0,"footnotes":""},"categories":[223,225,227,229,231],"tags":[345],"coauthors":[216],"class_list":["post-39230","post","type-post","status-publish","format-standard","has-post-thumbnail","hentry","category-annonce-fr","category-appel-fr","category-evenement-fr","category-invitation-fr","category-offres-fr","tag-vr-relation-exterieur-fr"],"_links":{"self":[{"href":"https:\/\/lagh-univ.dz\/fr\/wp-json\/wp\/v2\/posts\/39230","targetHints":{"allow":["GET"]}}],"collection":[{"href":"https:\/\/lagh-univ.dz\/fr\/wp-json\/wp\/v2\/posts"}],"about":[{"href":"https:\/\/lagh-univ.dz\/fr\/wp-json\/wp\/v2\/types\/post"}],"author":[{"embeddable":true,"href":"https:\/\/lagh-univ.dz\/fr\/wp-json\/wp\/v2\/users\/3"}],"replies":[{"embeddable":true,"href":"https:\/\/lagh-univ.dz\/fr\/wp-json\/wp\/v2\/comments?post=39230"}],"version-history":[{"count":1,"href":"https:\/\/lagh-univ.dz\/fr\/wp-json\/wp\/v2\/posts\/39230\/revisions"}],"predecessor-version":[{"id":39235,"href":"https:\/\/lagh-univ.dz\/fr\/wp-json\/wp\/v2\/posts\/39230\/revisions\/39235"}],"wp:featuredmedia":[{"embeddable":true,"href":"https:\/\/lagh-univ.dz\/fr\/wp-json\/wp\/v2\/media\/39231"}],"wp:attachment":[{"href":"https:\/\/lagh-univ.dz\/fr\/wp-json\/wp\/v2\/media?parent=39230"}],"wp:term":[{"taxonomy":"category","embeddable":true,"href":"https:\/\/lagh-univ.dz\/fr\/wp-json\/wp\/v2\/categories?post=39230"},{"taxonomy":"post_tag","embeddable":true,"href":"https:\/\/lagh-univ.dz\/fr\/wp-json\/wp\/v2\/tags?post=39230"},{"taxonomy":"author","embeddable":true,"href":"https:\/\/lagh-univ.dz\/fr\/wp-json\/wp\/v2\/coauthors?post=39230"}],"curies":[{"name":"wp","href":"https:\/\/api.w.org\/{rel}","templated":true}]}}