{"id":39302,"date":"2021-03-07T06:34:40","date_gmt":"2021-03-07T08:34:40","guid":{"rendered":"https:\/\/lagh-univ.dz\/?p=39302"},"modified":"2021-03-07T06:34:40","modified_gmt":"2021-03-07T08:34:40","slug":"programme-international-dechanges-du-gouvernement-americain","status":"publish","type":"post","link":"https:\/\/lagh-univ.dz\/fr\/programme-international-dechanges-du-gouvernement-americain\/","title":{"rendered":"Programme international d\u2019\u00e9changes du gouvernement am\u00e9ricain"},"content":{"rendered":"<p dir=\"ltr\" style=\"text-align: justify\"><span style=\"color: #000000\"><span style=\"font-family: 'Book Antiqua', Palatino;font-size: 14pt\">Dans le cadre de la strat\u00e9gie s&rsquo;inscrivant dans l&rsquo;ouverture de l&rsquo;Universit\u00e9 alg\u00e9rienne <\/span><span style=\"font-family: 'Book Antiqua', Palatino;font-size: 14pt\">sur l&rsquo;international d\u00e9velopp\u00e9e par le Minist\u00e8re de l&rsquo;Enseignement Sup\u00e9rieur et de la <\/span><\/span><span style=\"font-family: 'Book Antiqua', Palatino;font-size: 14pt;color: #000000\">Recherche Scientifique, j&rsquo;ai l&rsquo;honneur de vous informer que Monsieur Adam <\/span><span style=\"font-family: 'Book Antiqua', Palatino;font-size: 14pt;color: #000000\">SIEGELEM, Attach\u00e9 Culturel de l&rsquo;Ambassade des \u00c9tats-Unis en Alg\u00e9rie, pr\u00e9sentera en <\/span><span style=\"font-family: 'Book Antiqua', Palatino;font-size: 14pt;color: #000000\">visioconf\u00e9rence les diff\u00e9rents programmes internationaux d&rsquo;\u00e9changes du <\/span><span style=\"font-family: 'Book Antiqua', Palatino;font-size: 14pt;color: #000000\">gouvernement am\u00e9ricain, offerts directement aux \u00e9tudiants et enseignants <\/span><span style=\"font-family: 'Book Antiqua', Palatino;font-size: 14pt;color: #000000\">int\u00e9ress\u00e9s.<\/span><\/p>\n<p dir=\"ltr\">\n<span style=\"font-family: 'Book Antiqua', Palatino;font-size: 14pt;color: #000000\">Ces visioconf\u00e9rences se d\u00e9rouleront selon le programme et le lien suivant :<\/span><br \/>\n<span style=\"font-family: 'Book Antiqua', Palatino;font-size: 14pt;color: #000000\">Jeudi 25 mars \u00e0 1OhOO r\u00e9gion Centre ;<\/span><br \/>\n<span style=\"font-family: 'Book Antiqua', Palatino;font-size: 14pt;color: #000000\">Sujet 2 : R\u00e9union MESRS R\u00e9gion Centre<\/span><br \/>\n<span style=\"font-family: 'Book Antiqua', Palatino;font-size: 14pt;color: #000000\">Heure : 25 mars 2021 10:00 AM Alger ;<\/span><\/p>\n<p dir=\"ltr\">\n<span style=\"font-family: 'Book Antiqua', Palatino;font-size: 14pt;color: #000000\">Participer \u00e0 la r\u00e9union Zoom<\/span><br \/>\n<a href=\"https:\/\/zoom.us\/j\/94965863903?pwd=OHJBbDFhN2tSQ2JaY2lyU2VQWGwvZz09\">https:\/\/zoom.us\/j\/94965863903?pwd=OHJBbDFhN2tSQ2JaY2lyU2VQWGwvZz09<\/a><\/p>\n<p dir=\"ltr\"><span style=\"font-family: 'Book Antiqua', Palatino;font-size: 14pt;color: #000000\">ID de r\u00e9union : <strong>949 6586 3903<\/strong><\/span><\/p>\n<p dir=\"ltr\"><span style=\"font-family: 'Book Antiqua', Palatino;font-size: 14pt;color: #000000\">Code secret : <strong>554740<\/strong><\/span><\/p>\n","protected":false},"excerpt":{"rendered":"<p>Dans le cadre de la strat\u00e9gie s&rsquo;inscrivant dans l&rsquo;ouverture de l&rsquo;Universit\u00e9 alg\u00e9rienne sur l&rsquo;international d\u00e9velopp\u00e9e par le Minist\u00e8re de l&rsquo;Enseignement Sup\u00e9rieur et de la Recherche Scientifique, j&rsquo;ai l&rsquo;honneur de vous informer que Monsieur Adam SIEGELEM, Attach\u00e9 Culturel de l&rsquo;Ambassade des \u00c9tats-Unis en Alg\u00e9rie, pr\u00e9sentera en visioconf\u00e9rence les diff\u00e9rents programmes internationaux d&rsquo;\u00e9changes du gouvernement am\u00e9ricain, offerts [&hellip;]<\/p>\n","protected":false},"author":3,"featured_media":39304,"comment_status":"closed","ping_status":"closed","sticky":false,"template":"","format":"standard","meta":{"_exactmetrics_skip_tracking":false,"_exactmetrics_sitenote_active":false,"_exactmetrics_sitenote_note":"","_exactmetrics_sitenote_category":0,"footnotes":""},"categories":[223,225,227,229,231],"tags":[345],"coauthors":[216],"class_list":["post-39302","post","type-post","status-publish","format-standard","has-post-thumbnail","hentry","category-annonce-fr","category-appel-fr","category-evenement-fr","category-invitation-fr","category-offres-fr","tag-vr-relation-exterieur-fr"],"_links":{"self":[{"href":"https:\/\/lagh-univ.dz\/fr\/wp-json\/wp\/v2\/posts\/39302","targetHints":{"allow":["GET"]}}],"collection":[{"href":"https:\/\/lagh-univ.dz\/fr\/wp-json\/wp\/v2\/posts"}],"about":[{"href":"https:\/\/lagh-univ.dz\/fr\/wp-json\/wp\/v2\/types\/post"}],"author":[{"embeddable":true,"href":"https:\/\/lagh-univ.dz\/fr\/wp-json\/wp\/v2\/users\/3"}],"replies":[{"embeddable":true,"href":"https:\/\/lagh-univ.dz\/fr\/wp-json\/wp\/v2\/comments?post=39302"}],"version-history":[{"count":1,"href":"https:\/\/lagh-univ.dz\/fr\/wp-json\/wp\/v2\/posts\/39302\/revisions"}],"predecessor-version":[{"id":39307,"href":"https:\/\/lagh-univ.dz\/fr\/wp-json\/wp\/v2\/posts\/39302\/revisions\/39307"}],"wp:featuredmedia":[{"embeddable":true,"href":"https:\/\/lagh-univ.dz\/fr\/wp-json\/wp\/v2\/media\/39304"}],"wp:attachment":[{"href":"https:\/\/lagh-univ.dz\/fr\/wp-json\/wp\/v2\/media?parent=39302"}],"wp:term":[{"taxonomy":"category","embeddable":true,"href":"https:\/\/lagh-univ.dz\/fr\/wp-json\/wp\/v2\/categories?post=39302"},{"taxonomy":"post_tag","embeddable":true,"href":"https:\/\/lagh-univ.dz\/fr\/wp-json\/wp\/v2\/tags?post=39302"},{"taxonomy":"author","embeddable":true,"href":"https:\/\/lagh-univ.dz\/fr\/wp-json\/wp\/v2\/coauthors?post=39302"}],"curies":[{"name":"wp","href":"https:\/\/api.w.org\/{rel}","templated":true}]}}