{"id":39374,"date":"2021-03-08T09:17:24","date_gmt":"2021-03-08T11:17:24","guid":{"rendered":"https:\/\/lagh-univ.dz\/?p=39374"},"modified":"2021-03-08T09:17:24","modified_gmt":"2021-03-08T11:17:24","slug":"invitation-a-participer-au-forum-de-lunion-des-universites-africaines","status":"publish","type":"post","link":"https:\/\/lagh-univ.dz\/fr\/invitation-a-participer-au-forum-de-lunion-des-universites-africaines\/","title":{"rendered":"Invitation \u00e0 participer au Forum de l\u2019Union des universit\u00e9s africaines"},"content":{"rendered":"<p dir=\"ltr\"><span style=\"font-size: 14pt;font-family: 'Book Antiqua', Palatino\">Le si\u00e8ge r\u00e9gional de l\u2019Union des universit\u00e9s d\u2019Afrique du Nord tiendra un forum virtuel le jeudi 11 mars 2021 et invitera les universit\u00e9s alg\u00e9riennes \u00e0 participer \u00e0 l\u2019un des th\u00e8mes de c\u00e9l\u00e9bration de cette ann\u00e9e.<\/span><\/p>\n<p dir=\"ltr\"><span style=\"font-size: 14pt;font-family: 'Book Antiqua', Palatino\">Pour participer, coordonner et vous renseigner, veuillez communiquer avec :<\/span><\/p>\n<p dir=\"ltr\"><span style=\"font-size: 14pt;font-family: 'Book Antiqua', Palatino\">WhatsApp 01150682320<\/span><br \/>\n<span style=\"font-size: 14pt;font-family: 'Book Antiqua', Palatino\">Courriel : northafrica@aau.org<\/span><\/p>\n<p><img fetchpriority=\"high\" decoding=\"async\" class=\"aligncenter wp-image-39364 size-large\" src=\"https:\/\/lagh-univ.dz\/wp-content\/uploads\/2021\/03\/participation-union-univ-africaine_page-0002-744x1024.jpg\" alt=\"\" width=\"744\" height=\"1024\" srcset=\"https:\/\/lagh-univ.dz\/wp-content\/uploads\/2021\/03\/participation-union-univ-africaine_page-0002-744x1024.jpg 744w, https:\/\/lagh-univ.dz\/wp-content\/uploads\/2021\/03\/participation-union-univ-africaine_page-0002-218x300.jpg 218w, https:\/\/lagh-univ.dz\/wp-content\/uploads\/2021\/03\/participation-union-univ-africaine_page-0002-768x1057.jpg 768w, https:\/\/lagh-univ.dz\/wp-content\/uploads\/2021\/03\/participation-union-univ-africaine_page-0002-1116x1536.jpg 1116w, https:\/\/lagh-univ.dz\/wp-content\/uploads\/2021\/03\/participation-union-univ-africaine_page-0002.jpg 1275w\" sizes=\"(max-width: 744px) 100vw, 744px\" \/><\/p>\n<p><img decoding=\"async\" class=\"aligncenter wp-image-39367 size-large\" src=\"https:\/\/lagh-univ.dz\/wp-content\/uploads\/2021\/03\/participation-union-univ-africaine_page-0003-744x1024.jpg\" alt=\"\" width=\"744\" height=\"1024\" srcset=\"https:\/\/lagh-univ.dz\/wp-content\/uploads\/2021\/03\/participation-union-univ-africaine_page-0003-744x1024.jpg 744w, https:\/\/lagh-univ.dz\/wp-content\/uploads\/2021\/03\/participation-union-univ-africaine_page-0003-218x300.jpg 218w, https:\/\/lagh-univ.dz\/wp-content\/uploads\/2021\/03\/participation-union-univ-africaine_page-0003-768x1057.jpg 768w, https:\/\/lagh-univ.dz\/wp-content\/uploads\/2021\/03\/participation-union-univ-africaine_page-0003-1116x1536.jpg 1116w, https:\/\/lagh-univ.dz\/wp-content\/uploads\/2021\/03\/participation-union-univ-africaine_page-0003.jpg 1275w\" sizes=\"(max-width: 744px) 100vw, 744px\" \/><\/p>\n","protected":false},"excerpt":{"rendered":"<p>Le si\u00e8ge r\u00e9gional de l\u2019Union des universit\u00e9s d\u2019Afrique du Nord tiendra un forum virtuel le jeudi 11 mars 2021 et invitera les universit\u00e9s alg\u00e9riennes \u00e0 participer \u00e0 l\u2019un des th\u00e8mes de c\u00e9l\u00e9bration de cette ann\u00e9e. Pour participer, coordonner et vous renseigner, veuillez communiquer avec : WhatsApp 01150682320 Courriel : northafrica@aau.org<\/p>\n","protected":false},"author":3,"featured_media":39372,"comment_status":"closed","ping_status":"closed","sticky":false,"template":"","format":"standard","meta":{"_exactmetrics_skip_tracking":false,"_exactmetrics_sitenote_active":false,"_exactmetrics_sitenote_note":"","_exactmetrics_sitenote_category":0,"footnotes":""},"categories":[223,225,229,231],"tags":[345],"coauthors":[216],"class_list":["post-39374","post","type-post","status-publish","format-standard","has-post-thumbnail","hentry","category-annonce-fr","category-appel-fr","category-invitation-fr","category-offres-fr","tag-vr-relation-exterieur-fr"],"_links":{"self":[{"href":"https:\/\/lagh-univ.dz\/fr\/wp-json\/wp\/v2\/posts\/39374","targetHints":{"allow":["GET"]}}],"collection":[{"href":"https:\/\/lagh-univ.dz\/fr\/wp-json\/wp\/v2\/posts"}],"about":[{"href":"https:\/\/lagh-univ.dz\/fr\/wp-json\/wp\/v2\/types\/post"}],"author":[{"embeddable":true,"href":"https:\/\/lagh-univ.dz\/fr\/wp-json\/wp\/v2\/users\/3"}],"replies":[{"embeddable":true,"href":"https:\/\/lagh-univ.dz\/fr\/wp-json\/wp\/v2\/comments?post=39374"}],"version-history":[{"count":2,"href":"https:\/\/lagh-univ.dz\/fr\/wp-json\/wp\/v2\/posts\/39374\/revisions"}],"predecessor-version":[{"id":39376,"href":"https:\/\/lagh-univ.dz\/fr\/wp-json\/wp\/v2\/posts\/39374\/revisions\/39376"}],"wp:featuredmedia":[{"embeddable":true,"href":"https:\/\/lagh-univ.dz\/fr\/wp-json\/wp\/v2\/media\/39372"}],"wp:attachment":[{"href":"https:\/\/lagh-univ.dz\/fr\/wp-json\/wp\/v2\/media?parent=39374"}],"wp:term":[{"taxonomy":"category","embeddable":true,"href":"https:\/\/lagh-univ.dz\/fr\/wp-json\/wp\/v2\/categories?post=39374"},{"taxonomy":"post_tag","embeddable":true,"href":"https:\/\/lagh-univ.dz\/fr\/wp-json\/wp\/v2\/tags?post=39374"},{"taxonomy":"author","embeddable":true,"href":"https:\/\/lagh-univ.dz\/fr\/wp-json\/wp\/v2\/coauthors?post=39374"}],"curies":[{"name":"wp","href":"https:\/\/api.w.org\/{rel}","templated":true}]}}