{"id":56556,"date":"2023-12-17T15:21:00","date_gmt":"2023-12-17T14:21:00","guid":{"rendered":"https:\/\/lagh-univ.dz\/?p=56556"},"modified":"2023-12-17T15:21:00","modified_gmt":"2023-12-17T14:21:00","slug":"statistiques-des-etudiants-souhaitant-sinscrire-a-la-mobilite-academique-sur-le-territoire-national","status":"publish","type":"post","link":"https:\/\/lagh-univ.dz\/fr\/statistiques-des-etudiants-souhaitant-sinscrire-a-la-mobilite-academique-sur-le-territoire-national\/","title":{"rendered":"Statistiques des \u00e9tudiants souhaitant s&rsquo;inscrire \u00e0 la mobilit\u00e9 acad\u00e9mique sur le territoire national"},"content":{"rendered":"<p><span style=\"font-size: 14pt; font-family: Book Antiqua, Palatino;\">Statistiques des \u00e9tudiants souhaitant s&rsquo;inscrire \u00e0 la mobilit\u00e9 acad\u00e9mique sur le territoire national pour le deuxi\u00e8me semestre de l&rsquo;ann\u00e9e acad\u00e9mique 2023\/2024,\u00a0 au niveau \u00e9tudiant (troisi\u00e8me ann\u00e9e de licence et premi\u00e8re ann\u00e9e de master)<\/span><\/p>\n<p><a href=\"https:\/\/forms.gle\/nkFUkKZsAHJjmYQb8\">https:\/\/forms.gle\/nkFUkKZsAHJjmYQb8<\/a><\/p>\n","protected":false},"excerpt":{"rendered":"<p>Statistiques des \u00e9tudiants souhaitant s&rsquo;inscrire \u00e0 la mobilit\u00e9 acad\u00e9mique sur le territoire national pour le deuxi\u00e8me semestre de l&rsquo;ann\u00e9e acad\u00e9mique 2023\/2024,\u00a0 au niveau \u00e9tudiant (troisi\u00e8me ann\u00e9e de licence et premi\u00e8re ann\u00e9e de master) https:\/\/forms.gle\/nkFUkKZsAHJjmYQb8<\/p>\n","protected":false},"author":38,"featured_media":56552,"comment_status":"closed","ping_status":"closed","sticky":false,"template":"","format":"standard","meta":{"_exactmetrics_skip_tracking":false,"_exactmetrics_sitenote_active":false,"_exactmetrics_sitenote_note":"","_exactmetrics_sitenote_category":0,"footnotes":""},"categories":[223],"tags":[],"coauthors":[596],"class_list":["post-56556","post","type-post","status-publish","format-standard","has-post-thumbnail","hentry","category-annonce-fr"],"_links":{"self":[{"href":"https:\/\/lagh-univ.dz\/fr\/wp-json\/wp\/v2\/posts\/56556","targetHints":{"allow":["GET"]}}],"collection":[{"href":"https:\/\/lagh-univ.dz\/fr\/wp-json\/wp\/v2\/posts"}],"about":[{"href":"https:\/\/lagh-univ.dz\/fr\/wp-json\/wp\/v2\/types\/post"}],"author":[{"embeddable":true,"href":"https:\/\/lagh-univ.dz\/fr\/wp-json\/wp\/v2\/users\/38"}],"replies":[{"embeddable":true,"href":"https:\/\/lagh-univ.dz\/fr\/wp-json\/wp\/v2\/comments?post=56556"}],"version-history":[{"count":1,"href":"https:\/\/lagh-univ.dz\/fr\/wp-json\/wp\/v2\/posts\/56556\/revisions"}],"predecessor-version":[{"id":56560,"href":"https:\/\/lagh-univ.dz\/fr\/wp-json\/wp\/v2\/posts\/56556\/revisions\/56560"}],"wp:featuredmedia":[{"embeddable":true,"href":"https:\/\/lagh-univ.dz\/fr\/wp-json\/wp\/v2\/media\/56552"}],"wp:attachment":[{"href":"https:\/\/lagh-univ.dz\/fr\/wp-json\/wp\/v2\/media?parent=56556"}],"wp:term":[{"taxonomy":"category","embeddable":true,"href":"https:\/\/lagh-univ.dz\/fr\/wp-json\/wp\/v2\/categories?post=56556"},{"taxonomy":"post_tag","embeddable":true,"href":"https:\/\/lagh-univ.dz\/fr\/wp-json\/wp\/v2\/tags?post=56556"},{"taxonomy":"author","embeddable":true,"href":"https:\/\/lagh-univ.dz\/fr\/wp-json\/wp\/v2\/coauthors?post=56556"}],"curies":[{"name":"wp","href":"https:\/\/api.w.org\/{rel}","templated":true}]}}