{"id":56813,"date":"2024-01-04T14:40:58","date_gmt":"2024-01-04T13:40:58","guid":{"rendered":"https:\/\/lagh-univ.dz\/?p=56813"},"modified":"2024-01-04T14:40:58","modified_gmt":"2024-01-04T13:40:58","slug":"%f0%9d%97%98%f0%9d%97%bf%f0%9d%97%ae%f0%9d%98%80%f0%9d%97%ba%f0%9d%98%82%f0%9d%98%80-%f0%9d%97%9c%f0%9d%97%bb%f0%9d%97%b3%f0%9d%97%bc-%f0%9d%97%97%f0%9d%97%ae%f0%9d%98%86%f0%9d%98%80-%f0%9d%9f%ae","status":"publish","type":"post","link":"https:\/\/lagh-univ.dz\/fr\/%f0%9d%97%98%f0%9d%97%bf%f0%9d%97%ae%f0%9d%98%80%f0%9d%97%ba%f0%9d%98%82%f0%9d%98%80-%f0%9d%97%9c%f0%9d%97%bb%f0%9d%97%b3%f0%9d%97%bc-%f0%9d%97%97%f0%9d%97%ae%f0%9d%98%86%f0%9d%98%80-%f0%9d%9f%ae\/","title":{"rendered":"???????+ ????-???? ????"},"content":{"rendered":"<p>Suite au lancement de l&rsquo;appel \u00e0 propositions Erasmus+ 2024, le Bureau national Erasmus+ Alg\u00e9rie organise des journ\u00e9es de formation r\u00e9gionales destin\u00e9es aux \u00e9ventuels porteurs de projets, comme suit :<\/p>\n<p>? R\u00e9gion Est : le 08 janvier 2024 \u00e0 l&rsquo;Universit\u00e9 de Constantine 1<br \/>\n? R\u00e9gion Ouest : le 10 janvier \u00e0 l&rsquo;Universit\u00e9 d&rsquo;Oran 2<br \/>\n? R\u00e9gion Centre : le 11 janvier \u00e0 l&rsquo;USTHB Alger<\/p>\n<p>Les sessions de formation porteront sur :<br \/>\n??? ??????? ?\u275c?\u0301???????<br \/>\n\u25b8La mobilit\u00e9 internationale des \u00e9tudiants et du personnel (ICM).<br \/>\n\u25b8Les projets d&rsquo;\u00e9changes virtuels.<br \/>\n??? ??????? ?? ?????\u0301??????<br \/>\n\u25b8Les projets de renforcement des capacit\u00e9s dans les domaines de<br \/>\nl\u2019enseignement sup\u00e9rieur (CBHE), et de la formation professionnelle (CBVET).<br \/>\n\u25b8Les mesures de conception Erasmus Mundus.<br \/>\n\u25b8Les Masters conjoints Erasmus Mundus.<br \/>\n??? ??????? ???? ??????<br \/>\n\u25b8Modules ; Chaires ; Centres d&rsquo;excellence ; R\u00e9seaux.<\/p>\n","protected":false},"excerpt":{"rendered":"<p>Suite au lancement de l&rsquo;appel \u00e0 propositions Erasmus+ 2024, le Bureau national Erasmus+ Alg\u00e9rie organise des journ\u00e9es de formation r\u00e9gionales destin\u00e9es aux \u00e9ventuels porteurs de projets, comme suit : ? R\u00e9gion Est : le 08 janvier 2024 \u00e0 l&rsquo;Universit\u00e9 de Constantine 1 ? R\u00e9gion Ouest : le 10 janvier \u00e0 l&rsquo;Universit\u00e9 d&rsquo;Oran 2 ? R\u00e9gion [&hellip;]<\/p>\n","protected":false},"author":38,"featured_media":56814,"comment_status":"closed","ping_status":"closed","sticky":false,"template":"","format":"standard","meta":{"_exactmetrics_skip_tracking":false,"_exactmetrics_sitenote_active":false,"_exactmetrics_sitenote_note":"","_exactmetrics_sitenote_category":0,"footnotes":""},"categories":[223],"tags":[345],"coauthors":[596],"class_list":["post-56813","post","type-post","status-publish","format-standard","has-post-thumbnail","hentry","category-annonce-fr","tag-vr-relation-exterieur-fr"],"_links":{"self":[{"href":"https:\/\/lagh-univ.dz\/fr\/wp-json\/wp\/v2\/posts\/56813","targetHints":{"allow":["GET"]}}],"collection":[{"href":"https:\/\/lagh-univ.dz\/fr\/wp-json\/wp\/v2\/posts"}],"about":[{"href":"https:\/\/lagh-univ.dz\/fr\/wp-json\/wp\/v2\/types\/post"}],"author":[{"embeddable":true,"href":"https:\/\/lagh-univ.dz\/fr\/wp-json\/wp\/v2\/users\/38"}],"replies":[{"embeddable":true,"href":"https:\/\/lagh-univ.dz\/fr\/wp-json\/wp\/v2\/comments?post=56813"}],"version-history":[{"count":2,"href":"https:\/\/lagh-univ.dz\/fr\/wp-json\/wp\/v2\/posts\/56813\/revisions"}],"predecessor-version":[{"id":56818,"href":"https:\/\/lagh-univ.dz\/fr\/wp-json\/wp\/v2\/posts\/56813\/revisions\/56818"}],"wp:featuredmedia":[{"embeddable":true,"href":"https:\/\/lagh-univ.dz\/fr\/wp-json\/wp\/v2\/media\/56814"}],"wp:attachment":[{"href":"https:\/\/lagh-univ.dz\/fr\/wp-json\/wp\/v2\/media?parent=56813"}],"wp:term":[{"taxonomy":"category","embeddable":true,"href":"https:\/\/lagh-univ.dz\/fr\/wp-json\/wp\/v2\/categories?post=56813"},{"taxonomy":"post_tag","embeddable":true,"href":"https:\/\/lagh-univ.dz\/fr\/wp-json\/wp\/v2\/tags?post=56813"},{"taxonomy":"author","embeddable":true,"href":"https:\/\/lagh-univ.dz\/fr\/wp-json\/wp\/v2\/coauthors?post=56813"}],"curies":[{"name":"wp","href":"https:\/\/api.w.org\/{rel}","templated":true}]}}