{"id":66978,"date":"2025-06-01T10:20:08","date_gmt":"2025-06-01T09:20:08","guid":{"rendered":"https:\/\/lagh-univ.dz\/?p=66978"},"modified":"2025-06-04T11:44:42","modified_gmt":"2025-06-04T10:44:42","slug":"concours-national-dinnovation-verte","status":"publish","type":"post","link":"https:\/\/lagh-univ.dz\/fr\/concours-national-dinnovation-verte\/","title":{"rendered":"Concours national d\u2019innovation verte"},"content":{"rendered":"<div class=\"x11i5rnm xat24cr x1mh8g0r x1vvkbs xtlvy1s x126k92a\">\n<div dir=\"auto\">\n<p>\u00c0 l&rsquo;occasion de la Journ\u00e9e mondiale de l&rsquo;environnement, le 5 juin de chaque ann\u00e9e, le minist\u00e8re de l&rsquo;Environnement et de la Qualit\u00e9 de la vie, en partenariat avec le minist\u00e8re de l&rsquo;Enseignement sup\u00e9rieur et de la Recherche scientifique, organise\u00a0le concours national de l&rsquo;innovation verte sur le th\u00e8me \u00ab L&rsquo;innovation verte est le fondement de la durabilit\u00e9 \u00bb : \u00ab L&rsquo;innovation verte est le fondement de la durabilit\u00e9 \u00bb<\/p>\n<p>Ce concours vise \u00e0<\/p>\n<p>&#8211; Reconna\u00eetre le potentiel d&rsquo;innovation environnementale des \u00e9tudiants universitaires.<\/p>\n<p>&#8211; Valoriser et encourager les initiatives cr\u00e9atives des \u00e9tudiants visant \u00e0 proposer des solutions r\u00e9alistes \u00e0 des probl\u00e8mes environnementaux concrets.<\/p>\n<p>&#8211; Renforcer la contribution de l&rsquo;universit\u00e9 en soutenant les pratiques d&rsquo;innovation verte bas\u00e9es sur la technologie afin de prot\u00e9ger l&rsquo;environnement et de parvenir \u00e0 un d\u00e9veloppement durable.<\/p>\n<p>&#8211; Instiller l&rsquo;esprit de responsabilit\u00e9 environnementale dans les organisations et chez les \u00e9tudiants.<\/p>\n<p>#Nous invitons tous les \u00e9tudiants int\u00e9ress\u00e9s \u00e0 participer activement en envoyant leurs projets \u00e0 l&rsquo;adresse \u00e9lectronique suivante :<\/p>\n<p><a href=\"relex@lagh-univ.dz\">relex@lagh-univ.dz<\/a><\/p>\n<p>Nous invitons\u00a0 tous les \u00e9tudiants int\u00e9ress\u00e9s \u00e0 participer activement en soumettant leurs projets au service de la formation post-graduation au niveau de la Facult\u00e9.<\/p>\n<p>Le message doit \u00eatre intitul\u00e9 \u00ab Concours national d&rsquo;innovation verte \u00bb<\/p>\n<p>Pour les conditions de participation et le r\u00e8glement du concours, veuillez consulter le fichier ci-joint.<\/p>\n<p>Nous attendons vos cr\u00e9ations&#8230; et faisons de l&rsquo;innovation verte une voie vers un avenir durable.<\/p>\n<a href=\"https:\/\/lagh-univ.dz\/wp-content\/uploads\/2025\/06\/img5768.pdf\" class=\"pdfemb-viewer\" style=\"\" data-width=\"max\" data-height=\"max\" data-mobile-width=\"500\"  data-scrollbar=\"vertical\" data-download=\"on\" data-tracking=\"on\" data-newwindow=\"on\" data-pagetextbox=\"off\" data-scrolltotop=\"off\" data-startzoom=\"100\" data-startfpzoom=\"100\" data-toolbar=\"both\" data-toolbar-fixed=\"on\">img5768<br\/><\/a>\n<a href=\"https:\/\/lagh-univ.dz\/wp-content\/uploads\/2025\/06\/img5769.pdf\" class=\"pdfemb-viewer\" style=\"\" data-width=\"max\" data-height=\"max\" data-mobile-width=\"500\"  data-scrollbar=\"vertical\" data-download=\"on\" data-tracking=\"on\" data-newwindow=\"on\" data-pagetextbox=\"off\" data-scrolltotop=\"off\" data-startzoom=\"100\" data-startfpzoom=\"100\" data-toolbar=\"both\" data-toolbar-fixed=\"on\">img5769<br\/><\/a>\n<\/div>\n<\/div>\n","protected":false},"excerpt":{"rendered":"<p>\u00c0 l&rsquo;occasion de la Journ\u00e9e mondiale de l&rsquo;environnement, le 5 juin de chaque ann\u00e9e, le minist\u00e8re de l&rsquo;Environnement et de la Qualit\u00e9 de la vie, en partenariat avec le minist\u00e8re de l&rsquo;Enseignement sup\u00e9rieur et de la Recherche scientifique, organise\u00a0le concours national de l&rsquo;innovation verte sur le th\u00e8me \u00ab L&rsquo;innovation verte est le fondement de la [&hellip;]<\/p>\n","protected":false},"author":38,"featured_media":66975,"comment_status":"closed","ping_status":"closed","sticky":false,"template":"","format":"standard","meta":{"_exactmetrics_skip_tracking":false,"_exactmetrics_sitenote_active":false,"_exactmetrics_sitenote_note":"","_exactmetrics_sitenote_category":0,"footnotes":""},"categories":[223],"tags":[345],"coauthors":[596],"class_list":["post-66978","post","type-post","status-publish","format-standard","has-post-thumbnail","hentry","category-annonce-fr","tag-vr-relation-exterieur-fr"],"_links":{"self":[{"href":"https:\/\/lagh-univ.dz\/fr\/wp-json\/wp\/v2\/posts\/66978","targetHints":{"allow":["GET"]}}],"collection":[{"href":"https:\/\/lagh-univ.dz\/fr\/wp-json\/wp\/v2\/posts"}],"about":[{"href":"https:\/\/lagh-univ.dz\/fr\/wp-json\/wp\/v2\/types\/post"}],"author":[{"embeddable":true,"href":"https:\/\/lagh-univ.dz\/fr\/wp-json\/wp\/v2\/users\/38"}],"replies":[{"embeddable":true,"href":"https:\/\/lagh-univ.dz\/fr\/wp-json\/wp\/v2\/comments?post=66978"}],"version-history":[{"count":3,"href":"https:\/\/lagh-univ.dz\/fr\/wp-json\/wp\/v2\/posts\/66978\/revisions"}],"predecessor-version":[{"id":67021,"href":"https:\/\/lagh-univ.dz\/fr\/wp-json\/wp\/v2\/posts\/66978\/revisions\/67021"}],"wp:featuredmedia":[{"embeddable":true,"href":"https:\/\/lagh-univ.dz\/fr\/wp-json\/wp\/v2\/media\/66975"}],"wp:attachment":[{"href":"https:\/\/lagh-univ.dz\/fr\/wp-json\/wp\/v2\/media?parent=66978"}],"wp:term":[{"taxonomy":"category","embeddable":true,"href":"https:\/\/lagh-univ.dz\/fr\/wp-json\/wp\/v2\/categories?post=66978"},{"taxonomy":"post_tag","embeddable":true,"href":"https:\/\/lagh-univ.dz\/fr\/wp-json\/wp\/v2\/tags?post=66978"},{"taxonomy":"author","embeddable":true,"href":"https:\/\/lagh-univ.dz\/fr\/wp-json\/wp\/v2\/coauthors?post=66978"}],"curies":[{"name":"wp","href":"https:\/\/api.w.org\/{rel}","templated":true}]}}