{"id":68448,"date":"2025-08-22T22:59:09","date_gmt":"2025-08-22T21:59:09","guid":{"rendered":"https:\/\/lagh-univ.dz\/?p=68448"},"modified":"2025-08-22T23:17:23","modified_gmt":"2025-08-22T22:17:23","slug":"appel-a-projets-plateforme-des-think-tanks-africains-attp","status":"publish","type":"post","link":"https:\/\/lagh-univ.dz\/fr\/appel-a-projets-plateforme-des-think-tanks-africains-attp\/","title":{"rendered":"Appel \u00e0 projets \u2013 Plateforme des Think Tanks Africains (ATTP)"},"content":{"rendered":"<div>\n<p><span lang=\"FR\">Suite \u00e0 la correspondance de Madame la <b>Sous-directrice de la Planification, de la Coop\u00e9ration Universitaire et des Relations (SDPCUR\/DCEU)<\/b>, j\u2019ai l\u2019honneur de vous informer que nous avons \u00e9t\u00e9 destinataires d\u2019un message de notre Consulat \u00e0 Addis Abeba relatif au lancement, par la <b>Commission de l\u2019Union Africaine (CUA)<\/b>, de la <b>Plateforme des Think Tanks Africains (ATTP)<\/b>, le 24 juillet 2025.<\/span><\/p>\n<p><span lang=\"FR\">Cette initiative, mise en \u0153uvre en partenariat avec la <b>Fondation pour le Renforcement des Capacit\u00e9s en Afrique (ACBF)<\/b> et l\u2019<b>Agence de D\u00e9veloppement de l\u2019UA (AUDA-NEPAD)<\/b>, b\u00e9n\u00e9ficie d\u2019un financement de la Banque mondiale (WB) \u00e0 hauteur de <b>50 millions USD<\/b>, destin\u00e9 \u00e0 soutenir des projets dans les domaines suivants :<\/span><\/p>\n<ul type=\"disc\">\n<li>Transformation \u00e9conomique et gouvernance,<\/li>\n<li>Changement climatique,<\/li>\n<li>Commerce r\u00e9gional,<\/li>\n<li>S\u00e9curit\u00e9 alimentaire,<\/li>\n<li>D\u00e9veloppement du capital humain,<\/li>\n<li>Num\u00e9risation.<\/li>\n<\/ul>\n<p><span lang=\"FR\">La <b>Vice-pr\u00e9sidente de la CUA, Ambassadeure Selma Malika HADDADI<\/b>, a proc\u00e9d\u00e9 au lancement officiel de la Plateforme, en r\u00e9affirmant l\u2019engagement de l\u2019Union Africaine \u00e0 renforcer le r\u00f4le des Think Tanks africains dans l\u2019\u00e9laboration de politiques fond\u00e9es sur des donn\u00e9es probantes, en coh\u00e9rence avec les aspirations de l\u2019<b>Agenda 2063<\/b>.<\/span><\/p>\n<p>*<span lang=\"FR\">La Commission a invit\u00e9 les Think Tanks int\u00e9ress\u00e9s \u00e0 soumettre leurs projets <b>avant le 24 septembre 2025<\/b>.<\/span><\/p>\n<p>*<span lang=\"FR\">Modalit\u00e9s de soumission et crit\u00e8res d\u2019\u00e9ligibilit\u00e9 disponibles sur : <\/span><a href=\"https:\/\/africathinktankplatform.africa\/callforproposal\" target=\"_blank\" rel=\"noreferrer noopener\" data-saferedirecturl=\"https:\/\/www.google.com\/url?q=https:\/\/africathinktankplatform.africa\/callforproposal&amp;source=gmail&amp;ust=1755984586570000&amp;usg=AOvVaw2Di9ieO74uNIxuAbDAhZah\"><span lang=\"FR\">https:\/\/<wbr \/>africathinktankplatform.<wbr \/>africa\/callforproposal<\/span><\/a><\/p>\n<p><span lang=\"FR\">\u00c0 cet effet, je vous saurais gr\u00e9 de prendre les dispositions n\u00e9cessaires pour inviter :<\/span><\/p>\n<ul type=\"disc\">\n<li>Les enseignants-chercheurs,<\/li>\n<li>Les chercheurs permanents,<\/li>\n<li><span lang=\"FR\">Les membres des r\u00e9seaux th\u00e9matiques et autres,<\/span><\/li>\n<\/ul>\n<p><span lang=\"FR\">\u00e0 consulter l\u2019appel \u00e0 projets et \u00e0 soumettre leurs propositions en ligne.<\/span><\/p>\n<\/div>\n<div><\/div>\n","protected":false},"excerpt":{"rendered":"<p>Suite \u00e0 la correspondance de Madame la Sous-directrice de la Planification, de la Coop\u00e9ration Universitaire et des Relations (SDPCUR\/DCEU), j\u2019ai l\u2019honneur de vous informer que nous avons \u00e9t\u00e9 destinataires d\u2019un message de notre Consulat \u00e0 Addis Abeba relatif au lancement, par la Commission de l\u2019Union Africaine (CUA), de la Plateforme des Think Tanks Africains (ATTP), [&hellip;]<\/p>\n","protected":false},"author":38,"featured_media":68449,"comment_status":"closed","ping_status":"closed","sticky":false,"template":"","format":"standard","meta":{"_exactmetrics_skip_tracking":false,"_exactmetrics_sitenote_active":false,"_exactmetrics_sitenote_note":"","_exactmetrics_sitenote_category":0,"footnotes":""},"categories":[223],"tags":[345],"coauthors":[596],"class_list":["post-68448","post","type-post","status-publish","format-standard","has-post-thumbnail","hentry","category-annonce-fr","tag-vr-relation-exterieur-fr"],"_links":{"self":[{"href":"https:\/\/lagh-univ.dz\/fr\/wp-json\/wp\/v2\/posts\/68448","targetHints":{"allow":["GET"]}}],"collection":[{"href":"https:\/\/lagh-univ.dz\/fr\/wp-json\/wp\/v2\/posts"}],"about":[{"href":"https:\/\/lagh-univ.dz\/fr\/wp-json\/wp\/v2\/types\/post"}],"author":[{"embeddable":true,"href":"https:\/\/lagh-univ.dz\/fr\/wp-json\/wp\/v2\/users\/38"}],"replies":[{"embeddable":true,"href":"https:\/\/lagh-univ.dz\/fr\/wp-json\/wp\/v2\/comments?post=68448"}],"version-history":[{"count":1,"href":"https:\/\/lagh-univ.dz\/fr\/wp-json\/wp\/v2\/posts\/68448\/revisions"}],"predecessor-version":[{"id":68452,"href":"https:\/\/lagh-univ.dz\/fr\/wp-json\/wp\/v2\/posts\/68448\/revisions\/68452"}],"wp:featuredmedia":[{"embeddable":true,"href":"https:\/\/lagh-univ.dz\/fr\/wp-json\/wp\/v2\/media\/68449"}],"wp:attachment":[{"href":"https:\/\/lagh-univ.dz\/fr\/wp-json\/wp\/v2\/media?parent=68448"}],"wp:term":[{"taxonomy":"category","embeddable":true,"href":"https:\/\/lagh-univ.dz\/fr\/wp-json\/wp\/v2\/categories?post=68448"},{"taxonomy":"post_tag","embeddable":true,"href":"https:\/\/lagh-univ.dz\/fr\/wp-json\/wp\/v2\/tags?post=68448"},{"taxonomy":"author","embeddable":true,"href":"https:\/\/lagh-univ.dz\/fr\/wp-json\/wp\/v2\/coauthors?post=68448"}],"curies":[{"name":"wp","href":"https:\/\/api.w.org\/{rel}","templated":true}]}}